{"id":1365,"date":"2026-03-04T06:59:57","date_gmt":"2026-03-04T05:59:57","guid":{"rendered":"https:\/\/tiveden.nu\/?p=1365"},"modified":"2026-03-04T09:24:04","modified_gmt":"2026-03-04T08:24:04","slug":"seniortraff","status":"publish","type":"post","link":"https:\/\/tiveden.nu\/index.php\/2026\/03\/04\/seniortraff\/","title":{"rendered":"Tr\u00e4dg\u00e5rdsdesign  lockade m\u00e5nga"},"content":{"rendered":"\n<p>Det var  fullt kring borden   vid f\u00f6rra veckans l seniortr\u00e4ff.   H\u00e4r hade m\u00e5nga tr\u00e4dg\u00e5rdsintresserade senior m\u00f6tt upp f\u00f6r att h\u00f6r Anna Bursic ber\u00e4tta om sin v\u00e4g fr\u00e5n mattel\u00e4rare till tr\u00e4dg\u00e5rdsdesigner.   Anna ber\u00e4ttade och visade bilder s\u00e5 att vi fick en uppfattning om vad hon kunde g\u00f6ra  i en tr\u00e4dg\u00e5rd.   Sm\u00e5 och stora projekt \u00e4r lika v\u00e4lkomna.  F\u00f6rvandla  ett trist h\u00f6rn av tr\u00e4dg\u00e5rden till en oas eller  eller  b\u00f6rja om fr\u00e5n b\u00f6rjan med hela tr\u00e4dg\u00e5rden. <br>Aprop\u00e5 ljuss\u00e4ttning i tr\u00e4dg\u00e5rden &#8211; visst beh\u00f6vs det i vinterm\u00f6rkret &#8211; men vi uppmanades att t\u00e4nka p\u00e5 insekter och djur &#8211;  som blir f\u00f6rvirrade  av ljuset &#8211;  det beh\u00f6ver inte vara t\u00e4nt  dygnet om &#8211;  anv\u00e4nd timer.<\/p>\n\n\n\n<p>En del av oss hade bes\u00f6kt Annas tr\u00e4dg\u00e5rd och har du inte varit d\u00e4r, s\u00e5 har Anna \u00f6ppet vid n\u00e5gra tillf\u00e4llen. Jag var d\u00e4r i marknadsdagen 2026, d\u00e5 var det fullt med folk \u00f6verallt. H\u00e4r fanns b\u00e5de gr\u00f6nsaker och blommor av alla slag.<br> Ett tips fick &#8211; k\u00f6p en blombukett eller blomsterkrans oss Anna! <br>Anna finns b\u00e5de p\u00e5 Instagram d\u00e4r du kan f\u00f6lja hennes tr\u00e4dg\u00e5rd<\/p>\n\n\n\n<p>H\u00e4r kan du l\u00e4sa mer om <a href=\"https:\/\/villaannastradgardochdesign.se\/index.html\">Villa Annas tr\u00e4dg\u00e5rd och design<\/a><\/p>\n\n\n\n<p>Det h\u00e4r st\u00e5r p\u00e5 programmet kommande onsdagar<br>11\/3 Anders Rickard utmanar gruppen i curling\/shuffleboard<br>25\/3 Gunnar Bolin och pratar om Unden och dess fiskar<br>Ca 14.00 till 15.00<br>8\/4 Plant och fr\u00f6bytardag<\/p>\n\n\n\n<p><br><\/p>\n\n\n\n<figure class=\"wp-block-image size-large\"><img loading=\"lazy\" decoding=\"async\" width=\"1024\" height=\"768\" src=\"https:\/\/tiveden.nu\/wp-content\/uploads\/2026\/03\/IMG_56651-1024x768.jpg\" alt=\"\" class=\"wp-image-1368\" srcset=\"https:\/\/tiveden.nu\/wp-content\/uploads\/2026\/03\/IMG_56651-1024x768.jpg 1024w, https:\/\/tiveden.nu\/wp-content\/uploads\/2026\/03\/IMG_56651-300x225.jpg 300w, https:\/\/tiveden.nu\/wp-content\/uploads\/2026\/03\/IMG_56651-768x576.jpg 768w, https:\/\/tiveden.nu\/wp-content\/uploads\/2026\/03\/IMG_56651-1536x1152.jpg 1536w, https:\/\/tiveden.nu\/wp-content\/uploads\/2026\/03\/IMG_56651-2048x1536.jpg 2048w, https:\/\/tiveden.nu\/wp-content\/uploads\/2026\/03\/IMG_56651-1320x990.jpg 1320w\" sizes=\"auto, (max-width: 1024px) 100vw, 1024px\" \/><\/figure>\n\n\n\n<figure class=\"wp-block-image size-large\"><img loading=\"lazy\" decoding=\"async\" width=\"1024\" height=\"768\" src=\"https:\/\/tiveden.nu\/wp-content\/uploads\/2026\/03\/IMG_56661-1024x768.jpg\" alt=\"\" class=\"wp-image-1372\" srcset=\"https:\/\/tiveden.nu\/wp-content\/uploads\/2026\/03\/IMG_56661-1024x768.jpg 1024w, https:\/\/tiveden.nu\/wp-content\/uploads\/2026\/03\/IMG_56661-300x225.jpg 300w, https:\/\/tiveden.nu\/wp-content\/uploads\/2026\/03\/IMG_56661-768x576.jpg 768w, https:\/\/tiveden.nu\/wp-content\/uploads\/2026\/03\/IMG_56661-1536x1152.jpg 1536w, https:\/\/tiveden.nu\/wp-content\/uploads\/2026\/03\/IMG_56661-2048x1536.jpg 2048w, https:\/\/tiveden.nu\/wp-content\/uploads\/2026\/03\/IMG_56661-1320x990.jpg 1320w\" sizes=\"auto, (max-width: 1024px) 100vw, 1024px\" \/><\/figure>\n\n\n\n<p><br><br><\/p>\n\n\n\n<p><br><\/p>\n\n\n\n<p><br><br><\/p>\n\n\n\n<p><br><br><br><\/p>\n\n\n\n<p><\/p>\n","protected":false},"excerpt":{"rendered":"<p>Det var fullt kring borden vid f\u00f6rra veckans l seniortr\u00e4ff. H\u00e4r hade m\u00e5nga tr\u00e4dg\u00e5rdsintresserade senior m\u00f6tt upp f\u00f6r att h\u00f6r Anna Bursic ber\u00e4tta om sin v\u00e4g fr\u00e5n mattel\u00e4rare till tr\u00e4dg\u00e5rdsdesigner. Anna ber\u00e4ttade och visade bilder s\u00e5 att vi fick en uppfattning om vad hon kunde g\u00f6ra i en tr\u00e4dg\u00e5rd. Sm\u00e5 och stora projekt \u00e4r lika &hellip; <a href=\"https:\/\/tiveden.nu\/index.php\/2026\/03\/04\/seniortraff\/\" class=\"more-link\">Forts\u00e4tt l\u00e4sa <span class=\"screen-reader-text\">Tr\u00e4dg\u00e5rdsdesign  lockade m\u00e5nga<\/span> <span class=\"meta-nav\">&rarr;<\/span><\/a><\/p>\n","protected":false},"author":1,"featured_media":1375,"comment_status":"open","ping_status":"open","sticky":false,"template":"","format":"standard","meta":{"footnotes":""},"categories":[1],"tags":[],"class_list":["post-1365","post","type-post","status-publish","format-standard","has-post-thumbnail","hentry","category-okategoriserade"],"_links":{"self":[{"href":"https:\/\/tiveden.nu\/index.php\/wp-json\/wp\/v2\/posts\/1365","targetHints":{"allow":["GET"]}}],"collection":[{"href":"https:\/\/tiveden.nu\/index.php\/wp-json\/wp\/v2\/posts"}],"about":[{"href":"https:\/\/tiveden.nu\/index.php\/wp-json\/wp\/v2\/types\/post"}],"author":[{"embeddable":true,"href":"https:\/\/tiveden.nu\/index.php\/wp-json\/wp\/v2\/users\/1"}],"replies":[{"embeddable":true,"href":"https:\/\/tiveden.nu\/index.php\/wp-json\/wp\/v2\/comments?post=1365"}],"version-history":[{"count":11,"href":"https:\/\/tiveden.nu\/index.php\/wp-json\/wp\/v2\/posts\/1365\/revisions"}],"predecessor-version":[{"id":1391,"href":"https:\/\/tiveden.nu\/index.php\/wp-json\/wp\/v2\/posts\/1365\/revisions\/1391"}],"wp:featuredmedia":[{"embeddable":true,"href":"https:\/\/tiveden.nu\/index.php\/wp-json\/wp\/v2\/media\/1375"}],"wp:attachment":[{"href":"https:\/\/tiveden.nu\/index.php\/wp-json\/wp\/v2\/media?parent=1365"}],"wp:term":[{"taxonomy":"category","embeddable":true,"href":"https:\/\/tiveden.nu\/index.php\/wp-json\/wp\/v2\/categories?post=1365"},{"taxonomy":"post_tag","embeddable":true,"href":"https:\/\/tiveden.nu\/index.php\/wp-json\/wp\/v2\/tags?post=1365"}],"curies":[{"name":"wp","href":"https:\/\/api.w.org\/{rel}","templated":true}]}}