{"id":250,"date":"2025-02-06T11:00:53","date_gmt":"2025-02-06T10:00:53","guid":{"rendered":"https:\/\/tiveden.nu\/?p=250"},"modified":"2025-02-06T11:07:42","modified_gmt":"2025-02-06T10:07:42","slug":"fa-barn-i-tived","status":"publish","type":"post","link":"https:\/\/tiveden.nu\/index.php\/2025\/02\/06\/fa-barn-i-tived\/","title":{"rendered":"F\u00e5 barn i Tived?"},"content":{"rendered":"\n<p>Tivedens f\u00f6rskola ska avvecklas  inf\u00f6r h\u00f6stterminen 2025<br>&#8211; om det finns en kort notis i NA 2025-02-06<\/p>\n\n\n\n<p><a href=\"https:\/\/www.sydnarkenytt.se\/laxa\/artikel\/pa-mandag-beslutas-om-tiveds-foerskolas-framtid\">Mer finns att l\u00e4sa i Sydn\u00e4rkenytt 2025-02-06 <\/a>En intervju med Erika Persdotter, en av dem som har barn i den nedl\u00e4ggningshotade f\u00f6rskolan.<\/p>\n\n\n\n<p><\/p>\n\n\n\n<p><\/p>\n","protected":false},"excerpt":{"rendered":"<p>Tivedens f\u00f6rskola ska avvecklas inf\u00f6r h\u00f6stterminen 2025&#8211; om det finns en kort notis i NA 2025-02-06 Mer finns att l\u00e4sa i Sydn\u00e4rkenytt 2025-02-06 En intervju med Erika Persdotter, en av dem som har barn i den nedl\u00e4ggningshotade f\u00f6rskolan.<\/p>\n","protected":false},"author":1,"featured_media":0,"comment_status":"open","ping_status":"open","sticky":false,"template":"","format":"standard","meta":{"footnotes":""},"categories":[1],"tags":[],"class_list":["post-250","post","type-post","status-publish","format-standard","hentry","category-okategoriserade"],"_links":{"self":[{"href":"https:\/\/tiveden.nu\/index.php\/wp-json\/wp\/v2\/posts\/250","targetHints":{"allow":["GET"]}}],"collection":[{"href":"https:\/\/tiveden.nu\/index.php\/wp-json\/wp\/v2\/posts"}],"about":[{"href":"https:\/\/tiveden.nu\/index.php\/wp-json\/wp\/v2\/types\/post"}],"author":[{"embeddable":true,"href":"https:\/\/tiveden.nu\/index.php\/wp-json\/wp\/v2\/users\/1"}],"replies":[{"embeddable":true,"href":"https:\/\/tiveden.nu\/index.php\/wp-json\/wp\/v2\/comments?post=250"}],"version-history":[{"count":3,"href":"https:\/\/tiveden.nu\/index.php\/wp-json\/wp\/v2\/posts\/250\/revisions"}],"predecessor-version":[{"id":253,"href":"https:\/\/tiveden.nu\/index.php\/wp-json\/wp\/v2\/posts\/250\/revisions\/253"}],"wp:attachment":[{"href":"https:\/\/tiveden.nu\/index.php\/wp-json\/wp\/v2\/media?parent=250"}],"wp:term":[{"taxonomy":"category","embeddable":true,"href":"https:\/\/tiveden.nu\/index.php\/wp-json\/wp\/v2\/categories?post=250"},{"taxonomy":"post_tag","embeddable":true,"href":"https:\/\/tiveden.nu\/index.php\/wp-json\/wp\/v2\/tags?post=250"}],"curies":[{"name":"wp","href":"https:\/\/api.w.org\/{rel}","templated":true}]}}