{"id":289,"date":"2025-02-14T19:25:25","date_gmt":"2025-02-14T18:25:25","guid":{"rendered":"https:\/\/tiveden.nu\/?p=289"},"modified":"2025-02-15T14:01:32","modified_gmt":"2025-02-15T13:01:32","slug":"osdagstraff-med-semla","status":"publish","type":"post","link":"https:\/\/tiveden.nu\/index.php\/2025\/02\/14\/osdagstraff-med-semla\/","title":{"rendered":"Onsdagstr\u00e4ff med   hj\u00e4rt-lungr\u00e4ddning"},"content":{"rendered":"\n<p>Vi 10 stycken pratglad bes\u00f6kare som tr\u00e4ffades i biblioteket i Skolbyggnaden i g\u00e5r. Det h\u00e4nder en del p\u00e5 landsbygden.  Just nu s\u00e5 \u00e4r det f\u00f6rskoleverksamheten som \u00e4r i blickpunkten.  Alla kom ih\u00e5g hur det var n\u00e4r man k\u00e4mpade f\u00f6r att f\u00e5 f\u00f6rskola i Tived.  Det \u00e4r viktigt f\u00f6r alla att f\u00f6rskolan \u00e5r vara kvar. <\/p>\n\n\n\n<p class=\"has-black-color has-text-color has-background has-link-color has-medium-font-size wp-elements-441417e5167b9a55a7f952a3938fd580\" style=\"background:linear-gradient(135deg,rgb(241,242,240) 0%,rgb(113,206,126) 100%)\">N\u00e4sta g\u00e5ng, den 26 februari blir det Hj\u00e4rt-och  lungr\u00e4ddning f\u00f6r oss som \u00e4r lite \u00e4ldre med  Carita Karlsson.<\/p>\n\n\n\n<p class=\"has-green-color has-electric-grass-gradient-background has-text-color has-background has-link-color wp-elements-262b3737fa5d00bfff3dfee24cfed7b4\">D\u00e5 beh\u00f6ver vi <strong>b\u00f6rja redan kl 13.30<\/strong> f\u00f6r det passar henne b\u00e4ttre. Hon kommer \u00e4ven att visa hur en hj\u00e4rtstartare fungerar, och vi kan f\u00e5 prova.&nbsp;<\/p>\n\n\n\n<p><\/p>\n\n\n\n<p><\/p>\n","protected":false},"excerpt":{"rendered":"<p>Vi 10 stycken pratglad bes\u00f6kare som tr\u00e4ffades i biblioteket i Skolbyggnaden i g\u00e5r. Det h\u00e4nder en del p\u00e5 landsbygden. Just nu s\u00e5 \u00e4r det f\u00f6rskoleverksamheten som \u00e4r i blickpunkten. Alla kom ih\u00e5g hur det var n\u00e4r man k\u00e4mpade f\u00f6r att f\u00e5 f\u00f6rskola i Tived. Det \u00e4r viktigt f\u00f6r alla att f\u00f6rskolan \u00e5r vara kvar. N\u00e4sta &hellip; <a href=\"https:\/\/tiveden.nu\/index.php\/2025\/02\/14\/osdagstraff-med-semla\/\" class=\"more-link\">Forts\u00e4tt l\u00e4sa <span class=\"screen-reader-text\">Onsdagstr\u00e4ff med   hj\u00e4rt-lungr\u00e4ddning<\/span> <span class=\"meta-nav\">&rarr;<\/span><\/a><\/p>\n","protected":false},"author":1,"featured_media":0,"comment_status":"open","ping_status":"open","sticky":false,"template":"","format":"standard","meta":{"footnotes":""},"categories":[1],"tags":[],"class_list":["post-289","post","type-post","status-publish","format-standard","hentry","category-okategoriserade"],"_links":{"self":[{"href":"https:\/\/tiveden.nu\/index.php\/wp-json\/wp\/v2\/posts\/289","targetHints":{"allow":["GET"]}}],"collection":[{"href":"https:\/\/tiveden.nu\/index.php\/wp-json\/wp\/v2\/posts"}],"about":[{"href":"https:\/\/tiveden.nu\/index.php\/wp-json\/wp\/v2\/types\/post"}],"author":[{"embeddable":true,"href":"https:\/\/tiveden.nu\/index.php\/wp-json\/wp\/v2\/users\/1"}],"replies":[{"embeddable":true,"href":"https:\/\/tiveden.nu\/index.php\/wp-json\/wp\/v2\/comments?post=289"}],"version-history":[{"count":4,"href":"https:\/\/tiveden.nu\/index.php\/wp-json\/wp\/v2\/posts\/289\/revisions"}],"predecessor-version":[{"id":293,"href":"https:\/\/tiveden.nu\/index.php\/wp-json\/wp\/v2\/posts\/289\/revisions\/293"}],"wp:attachment":[{"href":"https:\/\/tiveden.nu\/index.php\/wp-json\/wp\/v2\/media?parent=289"}],"wp:term":[{"taxonomy":"category","embeddable":true,"href":"https:\/\/tiveden.nu\/index.php\/wp-json\/wp\/v2\/categories?post=289"},{"taxonomy":"post_tag","embeddable":true,"href":"https:\/\/tiveden.nu\/index.php\/wp-json\/wp\/v2\/tags?post=289"}],"curies":[{"name":"wp","href":"https:\/\/api.w.org\/{rel}","templated":true}]}}