{"id":355,"date":"2025-03-22T11:32:18","date_gmt":"2025-03-22T10:32:18","guid":{"rendered":"https:\/\/tiveden.nu\/?p=355"},"modified":"2025-03-23T07:12:23","modified_gmt":"2025-03-23T06:12:23","slug":"onsdagtraff-26-3","status":"publish","type":"post","link":"https:\/\/tiveden.nu\/index.php\/2025\/03\/22\/onsdagtraff-26-3\/","title":{"rendered":"Onsdagtr\u00e4ff 26\/3"},"content":{"rendered":"\n<p>Vi tr\u00e4ffas i biblioteksrummet mellan 14-16. G\u00e4ster idag \u00e4r Eva Olofsson med bes\u00f6kshund. Det ska bli sp\u00e4nnande att tr\u00e4ffa en bes\u00f6kshund. <\/p>\n\n\n\n<p>Det blir v\u00e5fflor till kaffet!<\/p>\n\n\n<div class=\"wp-block-image\">\n<figure class=\"aligncenter size-large\"><img loading=\"lazy\" decoding=\"async\" width=\"1024\" height=\"768\" src=\"https:\/\/tiveden.nu\/wp-content\/uploads\/2025\/03\/bild-1024x768.png\" alt=\"\" class=\"wp-image-361\" srcset=\"https:\/\/tiveden.nu\/wp-content\/uploads\/2025\/03\/bild-1024x768.png 1024w, https:\/\/tiveden.nu\/wp-content\/uploads\/2025\/03\/bild-300x225.png 300w, https:\/\/tiveden.nu\/wp-content\/uploads\/2025\/03\/bild-768x576.png 768w, https:\/\/tiveden.nu\/wp-content\/uploads\/2025\/03\/bild-1536x1152.png 1536w, https:\/\/tiveden.nu\/wp-content\/uploads\/2025\/03\/bild.png 2016w\" sizes=\"auto, (max-width: 1024px) 100vw, 1024px\" \/><\/figure>\n<\/div>\n\n\n<p>Det v\u00e5ras och det \u00e4r snart dags att s\u00e5. Den som vill kan ta med och byta blomskott och eller fr\u00f6n. <br>R\u00e4tt sorts blomskott kan bli till tr\u00e4d &#8211; Jag jobbade p\u00e5 Nacka sjukhus f\u00f6r drygt 60 \u00e5r sedan och tog jag en skott av hibiskus med stora r\u00f6da dubbla blommor. Den har sedan f\u00f6ljt mig fr\u00e5n Orminge till Gubb\u00e4ngen d\u00e4r n\u00f6p jag av ett nytt skott ! Vips s\u00e5 hade jag tv\u00e5 stora tr\u00e4d. Vid flytt fr\u00e5n Gubb\u00e4ngen 2014 s\u00e5 gick mina tr\u00e4d flytta vidare till var sina hem &#8211; numera i \u00c5kersberga. Med mig till S\u00f6rbytorp s\u00e5 f\u00f6ljde ett par skott &#8211; Idag s\u00e5 har jag ytterligare ett stort tr\u00e4d., som jag b\u00e4r ut p\u00e5 solsemester i maj-juni.<\/p>\n\n\n\n<p><\/p>\n","protected":false},"excerpt":{"rendered":"<p>Vi tr\u00e4ffas i biblioteksrummet mellan 14-16. G\u00e4ster idag \u00e4r Eva Olofsson med bes\u00f6kshund. Det ska bli sp\u00e4nnande att tr\u00e4ffa en bes\u00f6kshund. Det blir v\u00e5fflor till kaffet! Det v\u00e5ras och det \u00e4r snart dags att s\u00e5. Den som vill kan ta med och byta blomskott och eller fr\u00f6n. R\u00e4tt sorts blomskott kan bli till tr\u00e4d &#8211; &hellip; <a href=\"https:\/\/tiveden.nu\/index.php\/2025\/03\/22\/onsdagtraff-26-3\/\" class=\"more-link\">Forts\u00e4tt l\u00e4sa <span class=\"screen-reader-text\">Onsdagtr\u00e4ff 26\/3<\/span> <span class=\"meta-nav\">&rarr;<\/span><\/a><\/p>\n","protected":false},"author":1,"featured_media":0,"comment_status":"open","ping_status":"open","sticky":false,"template":"","format":"standard","meta":{"footnotes":""},"categories":[1],"tags":[],"class_list":["post-355","post","type-post","status-publish","format-standard","hentry","category-okategoriserade"],"_links":{"self":[{"href":"https:\/\/tiveden.nu\/index.php\/wp-json\/wp\/v2\/posts\/355","targetHints":{"allow":["GET"]}}],"collection":[{"href":"https:\/\/tiveden.nu\/index.php\/wp-json\/wp\/v2\/posts"}],"about":[{"href":"https:\/\/tiveden.nu\/index.php\/wp-json\/wp\/v2\/types\/post"}],"author":[{"embeddable":true,"href":"https:\/\/tiveden.nu\/index.php\/wp-json\/wp\/v2\/users\/1"}],"replies":[{"embeddable":true,"href":"https:\/\/tiveden.nu\/index.php\/wp-json\/wp\/v2\/comments?post=355"}],"version-history":[{"count":4,"href":"https:\/\/tiveden.nu\/index.php\/wp-json\/wp\/v2\/posts\/355\/revisions"}],"predecessor-version":[{"id":363,"href":"https:\/\/tiveden.nu\/index.php\/wp-json\/wp\/v2\/posts\/355\/revisions\/363"}],"wp:attachment":[{"href":"https:\/\/tiveden.nu\/index.php\/wp-json\/wp\/v2\/media?parent=355"}],"wp:term":[{"taxonomy":"category","embeddable":true,"href":"https:\/\/tiveden.nu\/index.php\/wp-json\/wp\/v2\/categories?post=355"},{"taxonomy":"post_tag","embeddable":true,"href":"https:\/\/tiveden.nu\/index.php\/wp-json\/wp\/v2\/tags?post=355"}],"curies":[{"name":"wp","href":"https:\/\/api.w.org\/{rel}","templated":true}]}}