{"id":364,"date":"2025-04-08T17:15:20","date_gmt":"2025-04-08T15:15:20","guid":{"rendered":"https:\/\/tiveden.nu\/?p=364"},"modified":"2025-04-08T17:21:43","modified_gmt":"2025-04-08T15:21:43","slug":"barbro-cluley","status":"publish","type":"post","link":"https:\/\/tiveden.nu\/index.php\/2025\/04\/08\/barbro-cluley\/","title":{"rendered":"Barbro Cluley"},"content":{"rendered":"\n<figure class=\"wp-block-image size-large\"><img loading=\"lazy\" decoding=\"async\" width=\"1024\" height=\"765\" src=\"https:\/\/tiveden.nu\/wp-content\/uploads\/2025\/04\/IMG_4037-1024x765.jpg\" alt=\"\" class=\"wp-image-365\" srcset=\"https:\/\/tiveden.nu\/wp-content\/uploads\/2025\/04\/IMG_4037-1024x765.jpg 1024w, https:\/\/tiveden.nu\/wp-content\/uploads\/2025\/04\/IMG_4037-300x224.jpg 300w, https:\/\/tiveden.nu\/wp-content\/uploads\/2025\/04\/IMG_4037-768x574.jpg 768w, https:\/\/tiveden.nu\/wp-content\/uploads\/2025\/04\/IMG_4037.jpg 1296w\" sizes=\"auto, (max-width: 1024px) 100vw, 1024px\" \/><\/figure>\n\n\n\n<p>En k\u00e4r v\u00e4n och arbetskamrat i hantverksboden i Tivdstorp har l\u00e4mnat  Tivedens skogar f\u00f6r alltid.  Barbro blev 105 \u00e5r och n\u00e5gra m\u00e5nader gammal.  Det \u00e4r fantastiskt att f\u00e5 leva ett rikt liv s\u00e5 l\u00e4nge.  <\/p>\n\n\n\n<p>Barbro hade en stor bekantskapskrets i Tived. De \u00e4r mer \u00e4n ett halvsekel sedan hon f\u00f6rsta g\u00e5ngen kom till Tivedstorp f\u00f6r att f\u00f6r IM:s r\u00e4kning starta en servering och hantverksbod d\u00e4r.  Barbro blev Tived trogen och hade d\u00e4r sitt eget lilla paradis, den lilla torpstugan med det stora p\u00e4rontr\u00e4det. . Efter m\u00e5nga \u00e5r som lanthush\u00e5llsl\u00e4rare s\u00e5 stod f\u00e5ren henne varmt och hj\u00e4rtat.   Sommarf\u00e5ren kom glatt n\u00e4r hon stod vid staketet med kn\u00e4ckebr\u00f6d i handen.  N\u00e4r hon g\u00e5tt i pension s\u00e5 tog ett nytt projekt vid &#8211; hon \u00e5kte till Zimbawe f\u00f6r IM:s r\u00e4kning. Under  v\u00e5ra testunder i hantverksboden s\u00e5 l\u00e4rde jag mig mycket om Zimbabwe och m\u00e4nniskor d\u00e4r som stod henne n\u00e4ra.  \u00c5tskilliga paket  packade hon till Zimbabwe.  Det var mycket som beh\u00f6vdes d\u00e4r.  Ibland s\u00e5 beh\u00f6vdes pengar f\u00f6r att k\u00f6pa majskorn f\u00f6r s\u00e5dd.  Skolbarn som beh\u00f6vde kl\u00e4der eller skulle g\u00f6ra en skolutflykt till det gamla Zimbabwe. Runt Barbro fanns hemma i \u00c4ngelholm en syf\u00f6rening som stickade fina barnkl\u00e4der eller sydde lappt\u00e4cken som s\u00e5ldes i hantverksboden.  Andra ber\u00e4ttar stolt om mattan p\u00e5 finrumsgolvet &#8211; Tibetmattan k\u00f6pt i hantverksboden.  I mitt k\u00f6k st\u00e5r Barbro sybord &#8211; s\u00e5 hon finns dagligen med mig. T\u00e4nk s\u00e5 m\u00e5nga kassar hon gjort d\u00e4r.<\/p>\n\n\n\n<p>Tivedstorps bygdebolag bildades 2009 &#8211; samma \u00e5r var det 50 \u00e5r sedan Barbro kom till Tivedstorp.  Det firade Barbro med ett stort t\u00e5rtkalas f\u00f6r alla  p\u00e5 midsommarafton. &#8211; jordgubbst\u00e5rta skulle vara n\u00e4r det var midsommarkalas i Tived. Det var h\u00e4r som min bekantskap med Barbro b\u00f6rjade.  Sedan h\u00f6ll vi ihop i v\u00e5tt och torrt i hantverksboden och de sista \u00e5ren i den gamla kaffestugan.   Midsommarafton plockade Barbro alltid n\u00e5gra blommor till midsommarst\u00e5ngen. <\/p>\n\n\n\n<p>Det var med stor gl\u00e4dje som jag sommaren 2024 kunde ber\u00e4tta f\u00f6r henne att nu fanns det \u00e5ter en v\u00e4vstol i hantverksboden och att Tivedstorp skulle leva vidare i Barbros anda. <br>Anita Karlsson<\/p>\n\n\n\n<p><a href=\"https:\/\/www.hd.se\/2020-01-29\/hushallslararen-som-blev-den-ofrivilliga-volontaren\/\">mer om Barbro<\/a><\/p>\n\n\n\n<p><\/p>\n\n\n\n<p><br><\/p>\n","protected":false},"excerpt":{"rendered":"<p>En k\u00e4r v\u00e4n och arbetskamrat i hantverksboden i Tivdstorp har l\u00e4mnat Tivedens skogar f\u00f6r alltid. Barbro blev 105 \u00e5r och n\u00e5gra m\u00e5nader gammal. Det \u00e4r fantastiskt att f\u00e5 leva ett rikt liv s\u00e5 l\u00e4nge. Barbro hade en stor bekantskapskrets i Tived. De \u00e4r mer \u00e4n ett halvsekel sedan hon f\u00f6rsta g\u00e5ngen kom till Tivedstorp f\u00f6r &hellip; <a href=\"https:\/\/tiveden.nu\/index.php\/2025\/04\/08\/barbro-cluley\/\" class=\"more-link\">Forts\u00e4tt l\u00e4sa <span class=\"screen-reader-text\">Barbro Cluley<\/span> <span class=\"meta-nav\">&rarr;<\/span><\/a><\/p>\n","protected":false},"author":1,"featured_media":0,"comment_status":"open","ping_status":"open","sticky":false,"template":"","format":"standard","meta":{"footnotes":""},"categories":[1],"tags":[],"class_list":["post-364","post","type-post","status-publish","format-standard","hentry","category-okategoriserade"],"_links":{"self":[{"href":"https:\/\/tiveden.nu\/index.php\/wp-json\/wp\/v2\/posts\/364","targetHints":{"allow":["GET"]}}],"collection":[{"href":"https:\/\/tiveden.nu\/index.php\/wp-json\/wp\/v2\/posts"}],"about":[{"href":"https:\/\/tiveden.nu\/index.php\/wp-json\/wp\/v2\/types\/post"}],"author":[{"embeddable":true,"href":"https:\/\/tiveden.nu\/index.php\/wp-json\/wp\/v2\/users\/1"}],"replies":[{"embeddable":true,"href":"https:\/\/tiveden.nu\/index.php\/wp-json\/wp\/v2\/comments?post=364"}],"version-history":[{"count":3,"href":"https:\/\/tiveden.nu\/index.php\/wp-json\/wp\/v2\/posts\/364\/revisions"}],"predecessor-version":[{"id":372,"href":"https:\/\/tiveden.nu\/index.php\/wp-json\/wp\/v2\/posts\/364\/revisions\/372"}],"wp:attachment":[{"href":"https:\/\/tiveden.nu\/index.php\/wp-json\/wp\/v2\/media?parent=364"}],"wp:term":[{"taxonomy":"category","embeddable":true,"href":"https:\/\/tiveden.nu\/index.php\/wp-json\/wp\/v2\/categories?post=364"},{"taxonomy":"post_tag","embeddable":true,"href":"https:\/\/tiveden.nu\/index.php\/wp-json\/wp\/v2\/tags?post=364"}],"curies":[{"name":"wp","href":"https:\/\/api.w.org\/{rel}","templated":true}]}}