{"id":521,"date":"2025-08-21T22:11:43","date_gmt":"2025-08-21T20:11:43","guid":{"rendered":"https:\/\/tiveden.nu\/?p=521"},"modified":"2025-08-21T22:22:02","modified_gmt":"2025-08-21T20:22:02","slug":"sannerudsmarken","status":"publish","type":"post","link":"https:\/\/tiveden.nu\/index.php\/2025\/08\/21\/sannerudsmarken\/","title":{"rendered":"&#8221;Sannerudsmarken 2025&#8221;"},"content":{"rendered":"\n<p>Marknaden har p\u00e5g\u00e5tt sedan 1997. Visionen var att gynna den lokala befolkningen och det tycker arrang\u00f6rerna fr\u00e5n Tiveds Utvecklingsgrupp att dom har lyckats med.<br><strong>Sista l\u00f6rdagen i augusti ( 30\/8)  arrangeras Sannerudsmarken i Tived. <\/strong><\/p>\n\n\n\n<p><strong>En marknad utefter Sanneruds bygata. <br><\/strong>90-talet knallar samlas p\u00e5 en str\u00e4cka av 600 meter.<br>Roger Hellner som en av riddarna i tornerspelet har blivit ett \u00e5terkommande och publikdragande evenemang p\u00e5 marknaden.<br><br>Martin som fixar ballonger och trollar fram alla m\u00f6jliga och om\u00f6jliga figurer till b\u00e5de barns och vuxnas f\u00f6rtjusning.<br><br>Pernilla kommer med sina h\u00e4star s\u00e5 barnen f\u00e5r en h\u00e4rlig tur p\u00e5 h\u00e4stryggen.<br><br>Kyrkan arrangerar musik andakt i marknadstid med gruppen Tivedsp\u00f6jkerna.<br>\u00d6ppen tr\u00e4dg\u00e5rd finns ocks\u00e5 att bes\u00f6ka i anslutning till marknadsgatan.<\/p>\n\n\n\n<p>Smeden Gudmar \u00e4r ocks\u00e5 p\u00e5 plats<br>Sj\u00e4lvklart finns det ocks\u00e5 mat, hamburgare och fika.<\/p>\n\n\n\n<p>Vi \u00e4r helt beroende av ideella krafter f\u00f6r att kunna genomf\u00f6ra marknaden. Parkeringsvakter g\u00e5r det \u00e5t ca 50 st f\u00f6r att bes\u00f6karna ska kunna parkera p\u00e5 ett bra s\u00e4tt.<\/p>\n\n\n\n<p>Transporter och st\u00e4dning ing\u00e5r ocks\u00e5 i sysslorna under dagen.<\/p>\n\n\n\n<p>Bel\u00f6ningen f\u00f6r alla som p\u00e5 ett eller annat s\u00e4tt hj\u00e4lper oss \u00e4r en efterfest n\u00e5gon g\u00e5ng i h\u00f6st<\/p>\n\n\n\n<p>N\u00e5gra saker som som finns:<br>Skinn , v\u00e4skor , honung , kryddor , pl\u00e5nb\u00f6cker , godis , hantverk , virkat , f\u00e5gelholkar , plastp\u00e5sar , sk\u00e4rbr\u00e4dor , leksaker , ostkaka samt br\u00f6d.<\/p>\n\n\n\n<p>Tiveds utvecklingsgrupp<\/p>\n\n\n\n<p>Anders Rickard  &amp; Madde Larsson<\/p>\n","protected":false},"excerpt":{"rendered":"<p>Marknaden har p\u00e5g\u00e5tt sedan 1997. Visionen var att gynna den lokala befolkningen och det tycker arrang\u00f6rerna fr\u00e5n Tiveds Utvecklingsgrupp att dom har lyckats med.Sista l\u00f6rdagen i augusti ( 30\/8) arrangeras Sannerudsmarken i Tived. En marknad utefter Sanneruds bygata. 90-talet knallar samlas p\u00e5 en str\u00e4cka av 600 meter.Roger Hellner som en av riddarna i tornerspelet har &hellip; <a href=\"https:\/\/tiveden.nu\/index.php\/2025\/08\/21\/sannerudsmarken\/\" class=\"more-link\">Forts\u00e4tt l\u00e4sa <span class=\"screen-reader-text\">&#8221;Sannerudsmarken 2025&#8221;<\/span> <span class=\"meta-nav\">&rarr;<\/span><\/a><\/p>\n","protected":false},"author":1,"featured_media":0,"comment_status":"open","ping_status":"open","sticky":false,"template":"","format":"standard","meta":{"footnotes":""},"categories":[1],"tags":[],"class_list":["post-521","post","type-post","status-publish","format-standard","hentry","category-okategoriserade"],"_links":{"self":[{"href":"https:\/\/tiveden.nu\/index.php\/wp-json\/wp\/v2\/posts\/521","targetHints":{"allow":["GET"]}}],"collection":[{"href":"https:\/\/tiveden.nu\/index.php\/wp-json\/wp\/v2\/posts"}],"about":[{"href":"https:\/\/tiveden.nu\/index.php\/wp-json\/wp\/v2\/types\/post"}],"author":[{"embeddable":true,"href":"https:\/\/tiveden.nu\/index.php\/wp-json\/wp\/v2\/users\/1"}],"replies":[{"embeddable":true,"href":"https:\/\/tiveden.nu\/index.php\/wp-json\/wp\/v2\/comments?post=521"}],"version-history":[{"count":4,"href":"https:\/\/tiveden.nu\/index.php\/wp-json\/wp\/v2\/posts\/521\/revisions"}],"predecessor-version":[{"id":528,"href":"https:\/\/tiveden.nu\/index.php\/wp-json\/wp\/v2\/posts\/521\/revisions\/528"}],"wp:attachment":[{"href":"https:\/\/tiveden.nu\/index.php\/wp-json\/wp\/v2\/media?parent=521"}],"wp:term":[{"taxonomy":"category","embeddable":true,"href":"https:\/\/tiveden.nu\/index.php\/wp-json\/wp\/v2\/categories?post=521"},{"taxonomy":"post_tag","embeddable":true,"href":"https:\/\/tiveden.nu\/index.php\/wp-json\/wp\/v2\/tags?post=521"}],"curies":[{"name":"wp","href":"https:\/\/api.w.org\/{rel}","templated":true}]}}